{"id":191156,"date":"2026-04-27T11:13:17","date_gmt":"2026-04-27T14:13:17","guid":{"rendered":"https:\/\/ipmu.com.br\/site\/?p=191156"},"modified":"2026-04-27T11:16:33","modified_gmt":"2026-04-27T14:16:33","slug":"campanha-das-cores-abril-2","status":"publish","type":"post","link":"https:\/\/ipmu.com.br\/site\/campanha-das-cores-abril-2\/","title":{"rendered":"Campanha das cores: abril"},"content":{"rendered":"<p data-start=\"0\" data-end=\"65\"><strong data-start=\"3\" data-end=\"56\">Abril: m\u00eas de conscientiza\u00e7\u00e3o, cuidado e inclus\u00e3o<\/strong> .\u00a0O <strong data-start=\"69\" data-end=\"125\">Instituto de Previd\u00eancia Municipal de Ubatuba \u2013 IPMU<\/strong> abra\u00e7a diversas campanhas ligadas \u00e0 promo\u00e7\u00e3o da sa\u00fade ao longo de todo o ano. De janeiro a dezembro, as campanhas de conscientiza\u00e7\u00e3o colorem o calend\u00e1rio da sa\u00fade com causas importantes, defendidas por entidades e organiza\u00e7\u00f5es, sempre com foco na <strong data-start=\"379\" data-end=\"424\">preven\u00e7\u00e3o, informa\u00e7\u00e3o e qualidade de vida<\/strong>. O chamado <em data-start=\"442\" data-end=\"472\">calend\u00e1rio colorido da sa\u00fade<\/em> surgiu com o objetivo de conscientizar a popula\u00e7\u00e3o sobre os riscos de diversas doen\u00e7as e incentivar o cuidado preventivo. Embora n\u00e3o exista um calend\u00e1rio oficial \u00fanico, o mais importante \u00e9 a <strong data-start=\"666\" data-end=\"696\">divulga\u00e7\u00e3o e o engajamento<\/strong> \u2014 quanto mais as campanhas s\u00e3o compartilhadas, maior \u00e9 o impacto na vida das pessoas. \ud83d\udc99\ud83d\udc9a\ud83e\udd0e.\u00a0Essas iniciativas v\u00e3o al\u00e9m da informa\u00e7\u00e3o: \u2714\ufe0f Alertam sobre a preven\u00e7\u00e3o de doen\u00e7as, \u2714\ufe0f Promovem educa\u00e7\u00e3o em sa\u00fade, \u2714\ufe0f Incentivam o di\u00e1logo e a troca de experi\u00eancias, \u2714\ufe0f Fortalecem o cuidado com a sa\u00fade no dia a dia<\/p>\n<p data-start=\"1048\" data-end=\"1267\">\ud83e\udd0e <strong data-start=\"1051\" data-end=\"1067\">Abril Marrom<\/strong><br data-start=\"1067\" data-end=\"1070\" \/>\ud83d\udc41\ufe0f Conscientiza\u00e7\u00e3o sobre a sa\u00fade ocular e preven\u00e7\u00e3o da cegueira.<br data-start=\"1135\" data-end=\"1138\" \/>\ud83d\udc49 Grande parte dos casos pode ser evitada ou tratada com diagn\u00f3stico precoce.<br data-start=\"1216\" data-end=\"1219\" \/>\u2714\ufe0f Fa\u00e7a exames regulares e cuide da sua vis\u00e3o!<\/p>\n<p data-start=\"1269\" data-end=\"1479\">\ud83d\udc9a <strong data-start=\"1272\" data-end=\"1287\">Abril Verde<\/strong><br data-start=\"1287\" data-end=\"1290\" \/>\u26a0\ufe0f Foco na seguran\u00e7a e sa\u00fade no trabalho.<br data-start=\"1331\" data-end=\"1334\" \/>\ud83d\udcc5 Destaque: <em data-start=\"1347\" data-end=\"1407\">28 de abril \u2013 Dia Mundial da Seguran\u00e7a e Sa\u00fade no Trabalho<\/em>.<br data-start=\"1408\" data-end=\"1411\" \/>\u2714\ufe0f Previna acidentes e adote pr\u00e1ticas seguras no ambiente laboral!<\/p>\n<p data-start=\"1481\" data-end=\"1684\">\ud83d\udc99 <strong data-start=\"1484\" data-end=\"1498\">Abril Azul<\/strong><br data-start=\"1498\" data-end=\"1501\" \/>\ud83e\udde9 Conscientiza\u00e7\u00e3o sobre o Transtorno do Espectro Autista (TEA).<br data-start=\"1565\" data-end=\"1568\" \/>\ud83d\udcc5 Destaque: <em data-start=\"1581\" data-end=\"1638\">02 de abril \u2013 Dia Mundial de Conscientiza\u00e7\u00e3o do Autismo<\/em>.<br data-start=\"1639\" data-end=\"1642\" \/>\u2714\ufe0f Promova respeito, empatia e inclus\u00e3o!<\/p>\n<p data-start=\"1686\" data-end=\"1759\">\u2728 <strong data-start=\"1688\" data-end=\"1757\">Prevenir, cuidar e conscientizar: atitudes que transformam vidas!<\/strong><\/p>\n<p data-start=\"1761\" data-end=\"1779\" data-is-last-node=\"\" data-is-only-node=\"\">\ud83d\udcda <em data-start=\"1764\" data-end=\"1779\" data-is-last-node=\"\">Fonte: Google<\/em><\/p>\n","protected":false},"excerpt":{"rendered":"<p>Abril: m\u00eas de conscientiza\u00e7\u00e3o, cuidado e inclus\u00e3o .\u00a0O Instituto de Previd\u00eancia Municipal de Ubatuba \u2013 IPMU abra\u00e7a diversas campanhas ligadas \u00e0 promo\u00e7\u00e3o da sa\u00fade ao longo de todo o ano. De janeiro a dezembro, as campanhas de conscientiza\u00e7\u00e3o colorem o calend\u00e1rio da sa\u00fade com causas importantes, defendidas por entidades e organiza\u00e7\u00f5es, sempre com foco na [&hellip;]<\/p>\n","protected":false},"author":2,"featured_media":191157,"comment_status":"closed","ping_status":"closed","sticky":false,"template":"","format":"standard","meta":{"ocean_post_layout":"","ocean_both_sidebars_style":"","ocean_both_sidebars_content_width":0,"ocean_both_sidebars_sidebars_width":0,"ocean_sidebar":"0","ocean_second_sidebar":"0","ocean_disable_margins":"enable","ocean_add_body_class":"","ocean_shortcode_before_top_bar":"","ocean_shortcode_after_top_bar":"","ocean_shortcode_before_header":"","ocean_shortcode_after_header":"","ocean_has_shortcode":"","ocean_shortcode_after_title":"","ocean_shortcode_before_footer_widgets":"","ocean_shortcode_after_footer_widgets":"","ocean_shortcode_before_footer_bottom":"","ocean_shortcode_after_footer_bottom":"","ocean_display_top_bar":"default","ocean_display_header":"default","ocean_header_style":"","ocean_center_header_left_menu":"0","ocean_custom_header_template":"0","ocean_custom_logo":0,"ocean_custom_retina_logo":0,"ocean_custom_logo_max_width":0,"ocean_custom_logo_tablet_max_width":0,"ocean_custom_logo_mobile_max_width":0,"ocean_custom_logo_max_height":0,"ocean_custom_logo_tablet_max_height":0,"ocean_custom_logo_mobile_max_height":0,"ocean_header_custom_menu":"0","ocean_menu_typo_font_family":"0","ocean_menu_typo_font_subset":"","ocean_menu_typo_font_size":0,"ocean_menu_typo_font_size_tablet":0,"ocean_menu_typo_font_size_mobile":0,"ocean_menu_typo_font_size_unit":"px","ocean_menu_typo_font_weight":"","ocean_menu_typo_font_weight_tablet":"","ocean_menu_typo_font_weight_mobile":"","ocean_menu_typo_transform":"","ocean_menu_typo_transform_tablet":"","ocean_menu_typo_transform_mobile":"","ocean_menu_typo_line_height":0,"ocean_menu_typo_line_height_tablet":0,"ocean_menu_typo_line_height_mobile":0,"ocean_menu_typo_line_height_unit":"","ocean_menu_typo_spacing":0,"ocean_menu_typo_spacing_tablet":0,"ocean_menu_typo_spacing_mobile":0,"ocean_menu_typo_spacing_unit":"","ocean_menu_link_color":"","ocean_menu_link_color_hover":"","ocean_menu_link_color_active":"","ocean_menu_link_background":"","ocean_menu_link_hover_background":"","ocean_menu_link_active_background":"","ocean_menu_social_links_bg":"","ocean_menu_social_hover_links_bg":"","ocean_menu_social_links_color":"","ocean_menu_social_hover_links_color":"","ocean_disable_title":"default","ocean_disable_heading":"default","ocean_post_title":"","ocean_post_subheading":"","ocean_post_title_style":"","ocean_post_title_background_color":"","ocean_post_title_background":0,"ocean_post_title_bg_image_position":"","ocean_post_title_bg_image_attachment":"","ocean_post_title_bg_image_repeat":"","ocean_post_title_bg_image_size":"","ocean_post_title_height":0,"ocean_post_title_bg_overlay":0.5,"ocean_post_title_bg_overlay_color":"","ocean_disable_breadcrumbs":"default","ocean_breadcrumbs_color":"","ocean_breadcrumbs_separator_color":"","ocean_breadcrumbs_links_color":"","ocean_breadcrumbs_links_hover_color":"","ocean_display_footer_widgets":"default","ocean_display_footer_bottom":"default","ocean_custom_footer_template":"0","_jetpack_memberships_contains_paid_content":false,"ocean_post_oembed":"","ocean_post_self_hosted_media":"","ocean_post_video_embed":"","ocean_link_format":"","ocean_link_format_target":"self","ocean_quote_format":"","ocean_quote_format_link":"post","ocean_gallery_link_images":"on","ocean_gallery_id":[],"footnotes":""},"categories":[24,1,39],"tags":[],"class_list":["post-191156","post","type-post","status-publish","format-standard","has-post-thumbnail","hentry","category-boas-praticas","category-noticias","category-programa-de-pos-aposentadoria","entry","has-media"],"jetpack_featured_media_url":"https:\/\/i0.wp.com\/ipmu.com.br\/site\/wp-content\/uploads\/2026\/04\/Campanha-das-Cores-Abril_-2026.png?fit=2000%2C1600&ssl=1","jetpack_sharing_enabled":true,"_links":{"self":[{"href":"https:\/\/ipmu.com.br\/site\/wp-json\/wp\/v2\/posts\/191156","targetHints":{"allow":["GET"]}}],"collection":[{"href":"https:\/\/ipmu.com.br\/site\/wp-json\/wp\/v2\/posts"}],"about":[{"href":"https:\/\/ipmu.com.br\/site\/wp-json\/wp\/v2\/types\/post"}],"author":[{"embeddable":true,"href":"https:\/\/ipmu.com.br\/site\/wp-json\/wp\/v2\/users\/2"}],"replies":[{"embeddable":true,"href":"https:\/\/ipmu.com.br\/site\/wp-json\/wp\/v2\/comments?post=191156"}],"version-history":[{"count":5,"href":"https:\/\/ipmu.com.br\/site\/wp-json\/wp\/v2\/posts\/191156\/revisions"}],"predecessor-version":[{"id":191163,"href":"https:\/\/ipmu.com.br\/site\/wp-json\/wp\/v2\/posts\/191156\/revisions\/191163"}],"wp:featuredmedia":[{"embeddable":true,"href":"https:\/\/ipmu.com.br\/site\/wp-json\/wp\/v2\/media\/191157"}],"wp:attachment":[{"href":"https:\/\/ipmu.com.br\/site\/wp-json\/wp\/v2\/media?parent=191156"}],"wp:term":[{"taxonomy":"category","embeddable":true,"href":"https:\/\/ipmu.com.br\/site\/wp-json\/wp\/v2\/categories?post=191156"},{"taxonomy":"post_tag","embeddable":true,"href":"https:\/\/ipmu.com.br\/site\/wp-json\/wp\/v2\/tags?post=191156"}],"curies":[{"name":"wp","href":"https:\/\/api.w.org\/{rel}","templated":true}]}}